{"id":2348,"date":"2026-09-01T16:08:26","date_gmt":"2026-09-01T14:08:26","guid":{"rendered":"https:\/\/www.willersurthur.fr\/?p=2348"},"modified":"2026-09-01T16:08:28","modified_gmt":"2026-09-01T14:08:28","slug":"forum-des-associations","status":"publish","type":"post","link":"https:\/\/www.willersurthur.fr\/2348\/2026\/09\/forum-des-associations\/","title":{"rendered":"FORUM DES ASSOCIATIONS"},"content":{"rendered":"\n<p class=\"wp-block-paragraph\">Vendredi 11 septembre 2026 de 16h \u00e0 18h - Salle Polyvalente<\/p>\n\n\n\n<p class=\"wp-block-paragraph\">Venez d\u00e9couvrir nos associations, rencontrer leurs b\u00e9n\u00e9voles et vous engager !<\/p>\n","protected":false},"excerpt":{"rendered":"<p>Vendredi 11 septembre 2026 de 16h \u00e0 18h - Salle Polyvalente Venez d\u00e9couvrir nos associations, rencontrer leurs b\u00e9n\u00e9voles et vous engager !<\/p>\n","protected":false},"author":7,"featured_media":2350,"comment_status":"closed","ping_status":"closed","sticky":false,"template":"","format":"standard","meta":{"_acf_changed":false,"footnotes":""},"categories":[17],"tags":[],"class_list":["post-2348","post","type-post","status-publish","format-standard","has-post-thumbnail","hentry","category-manifestations"],"acf":[],"yoast_head":"<!-- This site is optimized with the Yoast SEO plugin v28.4 - https:\/\/yoast.com\/product\/yoast-seo-wordpress\/ -->\n<title>FORUM DES ASSOCIATIONS - Willer-sur-Thur, le site officiel<\/title>\n<meta name=\"robots\" content=\"index, follow, max-snippet:-1, max-image-preview:large, max-video-preview:-1\" \/>\n<link rel=\"canonical\" href=\"https:\/\/www.willersurthur.fr\/2348\/2026\/09\/forum-des-associations\/\" \/>\n<meta property=\"og:locale\" content=\"fr_FR\" \/>\n<meta property=\"og:type\" content=\"article\" \/>\n<meta property=\"og:title\" content=\"FORUM DES ASSOCIATIONS - Willer-sur-Thur, le site officiel\" \/>\n<meta property=\"og:description\" content=\"Vendredi 11 septembre 2026 de 16h \u00e0 18h - Salle Polyvalente Venez d\u00e9couvrir nos associations, rencontrer leurs b\u00e9n\u00e9voles et vous engager !\" \/>\n<meta property=\"og:url\" content=\"https:\/\/www.willersurthur.fr\/2348\/2026\/09\/forum-des-associations\/\" \/>\n<meta property=\"og:site_name\" content=\"Willer-sur-Thur, le site officiel\" \/>\n<meta property=\"article:publisher\" content=\"https:\/\/www.facebook.com\/groups\/360622284145\/\" \/>\n<meta property=\"article:published_time\" content=\"2026-09-01T14:08:26+00:00\" \/>\n<meta property=\"article:modified_time\" content=\"2026-09-01T14:08:28+00:00\" \/>\n<meta property=\"og:image\" content=\"https:\/\/www.willersurthur.fr\/wp-content\/uploads\/2026\/09\/ForumDesAssociations.jpeg\" \/>\n\t<meta property=\"og:image:width\" content=\"1054\" \/>\n\t<meta property=\"og:image:height\" content=\"1492\" \/>\n\t<meta property=\"og:image:type\" content=\"image\/jpeg\" \/>\n<meta name=\"author\" content=\"mairie\" \/>\n<meta name=\"twitter:card\" content=\"summary_large_image\" \/>\n<meta name=\"twitter:label1\" content=\"\u00c9crit par\" \/>\n\t<meta name=\"twitter:data1\" content=\"mairie\" \/>\n\t<meta name=\"twitter:label2\" content=\"Dur\u00e9e de lecture estim\u00e9e\" \/>\n\t<meta name=\"twitter:data2\" content=\"1 minute\" \/>\n<script type=\"application\/ld+json\" class=\"yoast-schema-graph\">{\"@context\":\"https:\\\/\\\/schema.org\",\"@graph\":[{\"@type\":\"Article\",\"@id\":\"https:\\\/\\\/www.willersurthur.fr\\\/2348\\\/2026\\\/09\\\/forum-des-associations\\\/#article\",\"isPartOf\":{\"@id\":\"https:\\\/\\\/www.willersurthur.fr\\\/2348\\\/2026\\\/09\\\/forum-des-associations\\\/\"},\"author\":{\"name\":\"mairie\",\"@id\":\"https:\\\/\\\/www.willersurthur.fr\\\/#\\\/schema\\\/person\\\/0658b6fb103cf6e2e8c7baa2e8731736\"},\"headline\":\"FORUM DES ASSOCIATIONS\",\"datePublished\":\"2026-09-01T14:08:26+00:00\",\"dateModified\":\"2026-09-01T14:08:28+00:00\",\"mainEntityOfPage\":{\"@id\":\"https:\\\/\\\/www.willersurthur.fr\\\/2348\\\/2026\\\/09\\\/forum-des-associations\\\/\"},\"wordCount\":24,\"image\":{\"@id\":\"https:\\\/\\\/www.willersurthur.fr\\\/2348\\\/2026\\\/09\\\/forum-des-associations\\\/#primaryimage\"},\"thumbnailUrl\":\"https:\\\/\\\/www.willersurthur.fr\\\/wp-content\\\/uploads\\\/2026\\\/09\\\/ForumDesAssociations.jpeg\",\"articleSection\":[\"Manifestations\"],\"inLanguage\":\"fr-FR\"},{\"@type\":\"WebPage\",\"@id\":\"https:\\\/\\\/www.willersurthur.fr\\\/2348\\\/2026\\\/09\\\/forum-des-associations\\\/\",\"url\":\"https:\\\/\\\/www.willersurthur.fr\\\/2348\\\/2026\\\/09\\\/forum-des-associations\\\/\",\"name\":\"FORUM DES ASSOCIATIONS - Willer-sur-Thur, le site officiel\",\"isPartOf\":{\"@id\":\"https:\\\/\\\/www.willersurthur.fr\\\/#website\"},\"primaryImageOfPage\":{\"@id\":\"https:\\\/\\\/www.willersurthur.fr\\\/2348\\\/2026\\\/09\\\/forum-des-associations\\\/#primaryimage\"},\"image\":{\"@id\":\"https:\\\/\\\/www.willersurthur.fr\\\/2348\\\/2026\\\/09\\\/forum-des-associations\\\/#primaryimage\"},\"thumbnailUrl\":\"https:\\\/\\\/www.willersurthur.fr\\\/wp-content\\\/uploads\\\/2026\\\/09\\\/ForumDesAssociations.jpeg\",\"datePublished\":\"2026-09-01T14:08:26+00:00\",\"dateModified\":\"2026-09-01T14:08:28+00:00\",\"author\":{\"@id\":\"https:\\\/\\\/www.willersurthur.fr\\\/#\\\/schema\\\/person\\\/0658b6fb103cf6e2e8c7baa2e8731736\"},\"breadcrumb\":{\"@id\":\"https:\\\/\\\/www.willersurthur.fr\\\/2348\\\/2026\\\/09\\\/forum-des-associations\\\/#breadcrumb\"},\"inLanguage\":\"fr-FR\",\"potentialAction\":[{\"@type\":\"ReadAction\",\"target\":[\"https:\\\/\\\/www.willersurthur.fr\\\/2348\\\/2026\\\/09\\\/forum-des-associations\\\/\"]}]},{\"@type\":\"ImageObject\",\"inLanguage\":\"fr-FR\",\"@id\":\"https:\\\/\\\/www.willersurthur.fr\\\/2348\\\/2026\\\/09\\\/forum-des-associations\\\/#primaryimage\",\"url\":\"https:\\\/\\\/www.willersurthur.fr\\\/wp-content\\\/uploads\\\/2026\\\/09\\\/ForumDesAssociations.jpeg\",\"contentUrl\":\"https:\\\/\\\/www.willersurthur.fr\\\/wp-content\\\/uploads\\\/2026\\\/09\\\/ForumDesAssociations.jpeg\",\"width\":1054,\"height\":1492},{\"@type\":\"BreadcrumbList\",\"@id\":\"https:\\\/\\\/www.willersurthur.fr\\\/2348\\\/2026\\\/09\\\/forum-des-associations\\\/#breadcrumb\",\"itemListElement\":[{\"@type\":\"ListItem\",\"position\":1,\"name\":\"Accueil\",\"item\":\"https:\\\/\\\/www.willersurthur.fr\\\/\"},{\"@type\":\"ListItem\",\"position\":2,\"name\":\"FORUM DES ASSOCIATIONS\"}]},{\"@type\":\"WebSite\",\"@id\":\"https:\\\/\\\/www.willersurthur.fr\\\/#website\",\"url\":\"https:\\\/\\\/www.willersurthur.fr\\\/\",\"name\":\"Willer-sur-Thur, le site officiel\",\"description\":\"Bienvenue sur le site officiel de Willer-sur-Thur, 4\u00e8me commune foresti\u00e8re du d\u00e9partement du Haut-Rhin en Alsace.\",\"potentialAction\":[{\"@type\":\"SearchAction\",\"target\":{\"@type\":\"EntryPoint\",\"urlTemplate\":\"https:\\\/\\\/www.willersurthur.fr\\\/?s={search_term_string}\"},\"query-input\":{\"@type\":\"PropertyValueSpecification\",\"valueRequired\":true,\"valueName\":\"search_term_string\"}}],\"inLanguage\":\"fr-FR\"},{\"@type\":\"Person\",\"@id\":\"https:\\\/\\\/www.willersurthur.fr\\\/#\\\/schema\\\/person\\\/0658b6fb103cf6e2e8c7baa2e8731736\",\"name\":\"mairie\",\"image\":{\"@type\":\"ImageObject\",\"inLanguage\":\"fr-FR\",\"@id\":\"https:\\\/\\\/secure.gravatar.com\\\/avatar\\\/fef10db51f4f2a78fd1d0eebb56870082273f1ae25f5fd2197187d033bd93312?s=96&d=mm&r=g\",\"url\":\"https:\\\/\\\/secure.gravatar.com\\\/avatar\\\/fef10db51f4f2a78fd1d0eebb56870082273f1ae25f5fd2197187d033bd93312?s=96&d=mm&r=g\",\"contentUrl\":\"https:\\\/\\\/secure.gravatar.com\\\/avatar\\\/fef10db51f4f2a78fd1d0eebb56870082273f1ae25f5fd2197187d033bd93312?s=96&d=mm&r=g\",\"caption\":\"mairie\"},\"url\":\"https:\\\/\\\/www.willersurthur.fr\\\/author\\\/mairie\\\/\"}]}<\/script>\n<!-- \/ Yoast SEO plugin. -->","yoast_head_json":{"title":"FORUM DES ASSOCIATIONS - Willer-sur-Thur, le site officiel","robots":{"index":"index","follow":"follow","max-snippet":"max-snippet:-1","max-image-preview":"max-image-preview:large","max-video-preview":"max-video-preview:-1"},"canonical":"https:\/\/www.willersurthur.fr\/2348\/2026\/09\/forum-des-associations\/","og_locale":"fr_FR","og_type":"article","og_title":"FORUM DES ASSOCIATIONS - Willer-sur-Thur, le site officiel","og_description":"Vendredi 11 septembre 2026 de 16h \u00e0 18h - Salle Polyvalente Venez d\u00e9couvrir nos associations, rencontrer leurs b\u00e9n\u00e9voles et vous engager !","og_url":"https:\/\/www.willersurthur.fr\/2348\/2026\/09\/forum-des-associations\/","og_site_name":"Willer-sur-Thur, le site officiel","article_publisher":"https:\/\/www.facebook.com\/groups\/360622284145\/","article_published_time":"2026-09-01T14:08:26+00:00","article_modified_time":"2026-09-01T14:08:28+00:00","og_image":[{"width":1054,"height":1492,"url":"https:\/\/www.willersurthur.fr\/wp-content\/uploads\/2026\/09\/ForumDesAssociations.jpeg","type":"image\/jpeg"}],"author":"mairie","twitter_card":"summary_large_image","twitter_misc":{"\u00c9crit par":"mairie","Dur\u00e9e de lecture estim\u00e9e":"1 minute"},"schema":{"@context":"https:\/\/schema.org","@graph":[{"@type":"Article","@id":"https:\/\/www.willersurthur.fr\/2348\/2026\/09\/forum-des-associations\/#article","isPartOf":{"@id":"https:\/\/www.willersurthur.fr\/2348\/2026\/09\/forum-des-associations\/"},"author":{"name":"mairie","@id":"https:\/\/www.willersurthur.fr\/#\/schema\/person\/0658b6fb103cf6e2e8c7baa2e8731736"},"headline":"FORUM DES ASSOCIATIONS","datePublished":"2026-09-01T14:08:26+00:00","dateModified":"2026-09-01T14:08:28+00:00","mainEntityOfPage":{"@id":"https:\/\/www.willersurthur.fr\/2348\/2026\/09\/forum-des-associations\/"},"wordCount":24,"image":{"@id":"https:\/\/www.willersurthur.fr\/2348\/2026\/09\/forum-des-associations\/#primaryimage"},"thumbnailUrl":"https:\/\/www.willersurthur.fr\/wp-content\/uploads\/2026\/09\/ForumDesAssociations.jpeg","articleSection":["Manifestations"],"inLanguage":"fr-FR"},{"@type":"WebPage","@id":"https:\/\/www.willersurthur.fr\/2348\/2026\/09\/forum-des-associations\/","url":"https:\/\/www.willersurthur.fr\/2348\/2026\/09\/forum-des-associations\/","name":"FORUM DES ASSOCIATIONS - Willer-sur-Thur, le site officiel","isPartOf":{"@id":"https:\/\/www.willersurthur.fr\/#website"},"primaryImageOfPage":{"@id":"https:\/\/www.willersurthur.fr\/2348\/2026\/09\/forum-des-associations\/#primaryimage"},"image":{"@id":"https:\/\/www.willersurthur.fr\/2348\/2026\/09\/forum-des-associations\/#primaryimage"},"thumbnailUrl":"https:\/\/www.willersurthur.fr\/wp-content\/uploads\/2026\/09\/ForumDesAssociations.jpeg","datePublished":"2026-09-01T14:08:26+00:00","dateModified":"2026-09-01T14:08:28+00:00","author":{"@id":"https:\/\/www.willersurthur.fr\/#\/schema\/person\/0658b6fb103cf6e2e8c7baa2e8731736"},"breadcrumb":{"@id":"https:\/\/www.willersurthur.fr\/2348\/2026\/09\/forum-des-associations\/#breadcrumb"},"inLanguage":"fr-FR","potentialAction":[{"@type":"ReadAction","target":["https:\/\/www.willersurthur.fr\/2348\/2026\/09\/forum-des-associations\/"]}]},{"@type":"ImageObject","inLanguage":"fr-FR","@id":"https:\/\/www.willersurthur.fr\/2348\/2026\/09\/forum-des-associations\/#primaryimage","url":"https:\/\/www.willersurthur.fr\/wp-content\/uploads\/2026\/09\/ForumDesAssociations.jpeg","contentUrl":"https:\/\/www.willersurthur.fr\/wp-content\/uploads\/2026\/09\/ForumDesAssociations.jpeg","width":1054,"height":1492},{"@type":"BreadcrumbList","@id":"https:\/\/www.willersurthur.fr\/2348\/2026\/09\/forum-des-associations\/#breadcrumb","itemListElement":[{"@type":"ListItem","position":1,"name":"Accueil","item":"https:\/\/www.willersurthur.fr\/"},{"@type":"ListItem","position":2,"name":"FORUM DES ASSOCIATIONS"}]},{"@type":"WebSite","@id":"https:\/\/www.willersurthur.fr\/#website","url":"https:\/\/www.willersurthur.fr\/","name":"Willer-sur-Thur, le site officiel","description":"Bienvenue sur le site officiel de Willer-sur-Thur, 4\u00e8me commune foresti\u00e8re du d\u00e9partement du Haut-Rhin en Alsace.","potentialAction":[{"@type":"SearchAction","target":{"@type":"EntryPoint","urlTemplate":"https:\/\/www.willersurthur.fr\/?s={search_term_string}"},"query-input":{"@type":"PropertyValueSpecification","valueRequired":true,"valueName":"search_term_string"}}],"inLanguage":"fr-FR"},{"@type":"Person","@id":"https:\/\/www.willersurthur.fr\/#\/schema\/person\/0658b6fb103cf6e2e8c7baa2e8731736","name":"mairie","image":{"@type":"ImageObject","inLanguage":"fr-FR","@id":"https:\/\/secure.gravatar.com\/avatar\/fef10db51f4f2a78fd1d0eebb56870082273f1ae25f5fd2197187d033bd93312?s=96&d=mm&r=g","url":"https:\/\/secure.gravatar.com\/avatar\/fef10db51f4f2a78fd1d0eebb56870082273f1ae25f5fd2197187d033bd93312?s=96&d=mm&r=g","contentUrl":"https:\/\/secure.gravatar.com\/avatar\/fef10db51f4f2a78fd1d0eebb56870082273f1ae25f5fd2197187d033bd93312?s=96&d=mm&r=g","caption":"mairie"},"url":"https:\/\/www.willersurthur.fr\/author\/mairie\/"}]}},"fimg_url":"https:\/\/www.willersurthur.fr\/wp-content\/uploads\/2026\/09\/ForumDesAssociations.jpeg","_links":{"self":[{"href":"https:\/\/www.willersurthur.fr\/api\/wp\/v2\/posts\/2348","targetHints":{"allow":["GET"]}}],"collection":[{"href":"https:\/\/www.willersurthur.fr\/api\/wp\/v2\/posts"}],"about":[{"href":"https:\/\/www.willersurthur.fr\/api\/wp\/v2\/types\/post"}],"author":[{"embeddable":true,"href":"https:\/\/www.willersurthur.fr\/api\/wp\/v2\/users\/7"}],"replies":[{"embeddable":true,"href":"https:\/\/www.willersurthur.fr\/api\/wp\/v2\/comments?post=2348"}],"version-history":[{"count":1,"href":"https:\/\/www.willersurthur.fr\/api\/wp\/v2\/posts\/2348\/revisions"}],"predecessor-version":[{"id":2351,"href":"https:\/\/www.willersurthur.fr\/api\/wp\/v2\/posts\/2348\/revisions\/2351"}],"wp:featuredmedia":[{"embeddable":true,"href":"https:\/\/www.willersurthur.fr\/api\/wp\/v2\/media\/2350"}],"wp:attachment":[{"href":"https:\/\/www.willersurthur.fr\/api\/wp\/v2\/media?parent=2348"}],"wp:term":[{"taxonomy":"category","embeddable":true,"href":"https:\/\/www.willersurthur.fr\/api\/wp\/v2\/categories?post=2348"},{"taxonomy":"post_tag","embeddable":true,"href":"https:\/\/www.willersurthur.fr\/api\/wp\/v2\/tags?post=2348"}],"curies":[{"name":"wp","href":"https:\/\/api.w.org\/{rel}","templated":true}]}}